{"id":319,"date":"2018-12-29T11:32:49","date_gmt":"2018-12-29T11:32:49","guid":{"rendered":"https:\/\/www.pourtantlavie.org\/?p=319"},"modified":"2019-06-15T14:10:54","modified_gmt":"2019-06-15T14:10:54","slug":"qui-est-bernard-crettaz-le-createur-des-cafes-mortels","status":"publish","type":"post","link":"https:\/\/www.pourtantlavie.org\/index.php\/qui-est-bernard-crettaz-le-createur-des-cafes-mortels\/","title":{"rendered":"Qui est Bernard Crettaz, le cr\u00e9ateur des caf\u00e9s mortels ?"},"content":{"rendered":"\n<figure class=\"wp-block-embed-youtube aligncenter wp-block-embed is-type-video is-provider-youtube wp-embed-aspect-16-9 wp-has-aspect-ratio\"><div class=\"wp-block-embed__wrapper\">\n<div class=\"rve-embed-responsive rve-embed-responsive-16by9\"><iframe loading=\"lazy\" title=\"Bernard Crettaz: ma soeur la mort\" width=\"500\" height=\"281\" src=\"https:\/\/www.youtube.com\/embed\/cZ8BMJdv7Gs?feature=oembed\" frameborder=\"0\" allow=\"accelerometer; autoplay; clipboard-write; encrypted-media; gyroscope; picture-in-picture; web-share\" referrerpolicy=\"strict-origin-when-cross-origin\" allowfullscreen><\/iframe><\/div>\n<\/div><\/figure>\n\n\n<p><span style=\"color: #2a2a2a; font-size: medium;\">N\u00e9 en Anniviers, Bernard Crettaz \u00e9tudie au coll\u00e8ge de Sion. Pendant trois ans, il suit les cours du Grand s\u00e9minaire.<br>Il poursuit des \u00e9tudes de sociologie \u00e0 l\u2019Universit\u00e9 de Gen\u00e8ve o\u00f9 il obtient son doctorat. Il est nomm\u00e9 conservateur du D\u00e9partement Europe du Mus\u00e9e d\u2019ethnographie de Gen\u00e8ve, il est \u00e9galement charg\u00e9 de cours au D\u00e9partement de sociologie de l\u2019Universit\u00e9 de Gen\u00e8ve. Il invente et anime les \u00ab Caf\u00e9s mortels \u00bb pour \u00ab parler de la mort au bistrot \u00bb.<\/span><\/p>\n<p>Je profite de cette vid\u00e9o pour vous annoncer qu&rsquo;il y aura <span style=\"background-color: #ffcc00;\"><strong>un 3\u00e8me caf\u00e9 mortel f\u00e9vrier\/mars 2019<\/strong><\/span>. Pour y participer vous pouvez laisser un commentaire, envoyer un mail \u00e0 <a href=\"mailto:pourtantlavie@gmail.com\">pourtantlavie@gmail.com<\/a> ou <a href=\"mailto:contact@pourtantlavie.org\">contact@pourtantlavie.org<\/a><\/p>\n\n\n<p><\/p>\n","protected":false},"excerpt":{"rendered":"<p>N\u00e9 en Anniviers, Bernard Crettaz \u00e9tudie au coll\u00e8ge de Sion. Pendant trois ans, il suit les cours du Grand s\u00e9minaire.Il poursuit des \u00e9tudes de sociologie \u00e0 l\u2019Universit\u00e9 de Gen\u00e8ve o\u00f9 [&hellip;]<\/p>\n","protected":false},"author":1,"featured_media":0,"comment_status":"open","ping_status":"open","sticky":false,"template":"","format":"standard","meta":{"footnotes":""},"categories":[5],"tags":[],"class_list":["post-319","post","type-post","status-publish","format-standard","hentry","category-actualites"],"_links":{"self":[{"href":"https:\/\/www.pourtantlavie.org\/index.php\/wp-json\/wp\/v2\/posts\/319","targetHints":{"allow":["GET"]}}],"collection":[{"href":"https:\/\/www.pourtantlavie.org\/index.php\/wp-json\/wp\/v2\/posts"}],"about":[{"href":"https:\/\/www.pourtantlavie.org\/index.php\/wp-json\/wp\/v2\/types\/post"}],"author":[{"embeddable":true,"href":"https:\/\/www.pourtantlavie.org\/index.php\/wp-json\/wp\/v2\/users\/1"}],"replies":[{"embeddable":true,"href":"https:\/\/www.pourtantlavie.org\/index.php\/wp-json\/wp\/v2\/comments?post=319"}],"version-history":[{"count":8,"href":"https:\/\/www.pourtantlavie.org\/index.php\/wp-json\/wp\/v2\/posts\/319\/revisions"}],"predecessor-version":[{"id":722,"href":"https:\/\/www.pourtantlavie.org\/index.php\/wp-json\/wp\/v2\/posts\/319\/revisions\/722"}],"wp:attachment":[{"href":"https:\/\/www.pourtantlavie.org\/index.php\/wp-json\/wp\/v2\/media?parent=319"}],"wp:term":[{"taxonomy":"category","embeddable":true,"href":"https:\/\/www.pourtantlavie.org\/index.php\/wp-json\/wp\/v2\/categories?post=319"},{"taxonomy":"post_tag","embeddable":true,"href":"https:\/\/www.pourtantlavie.org\/index.php\/wp-json\/wp\/v2\/tags?post=319"}],"curies":[{"name":"wp","href":"https:\/\/api.w.org\/{rel}","templated":true}]}}