{"id":2660,"date":"2026-01-07T13:25:28","date_gmt":"2026-01-07T13:25:28","guid":{"rendered":"https:\/\/www.pourtantlavie.org\/?p=2660"},"modified":"2026-04-11T19:55:33","modified_gmt":"2026-04-11T19:55:33","slug":"nouvelle-rencontre-autour-de-laccompagnement-et-des-soins-palliatifs-en-janvier-2026","status":"publish","type":"post","link":"https:\/\/www.pourtantlavie.org\/index.php\/nouvelle-rencontre-autour-de-laccompagnement-et-des-soins-palliatifs-en-janvier-2026\/","title":{"rendered":"Nouvelle\u00a0Rencontre autour de l\u2019accompagnement et des soins palliatifs en janvier 2026"},"content":{"rendered":"\n<p class=\"has-drop-cap wp-block-paragraph\">J\u2019ai le plaisir de vous inviter \u00e0 une nouvelle  \u00ab  Rencontre autour de l\u2019accompagnement et des soins palliatifs \u00bb dans le cadre de notre Atelier Partages. Voir flyer ci-dessous.<\/p>\n\n\n\n<h3 class=\"wp-block-heading\">Mardi 20 janvier de 18h30 \u00e0 20h30. Maison de quartier des canaux \u2013 Parking  &#8211; 59 rue Chantoiseau \u00e0 Riorges. Salle du rez de chauss\u00e9e.<\/h3>\n\n\n\n<p class=\"wp-block-paragraph\">Pour rappel, ce groupe est ouvert aux proches, aux b\u00e9n\u00e9voles, aux soignants, \u00e0 toute personne concern\u00e9e par un accompagnement en soins palliatifs.<\/p>\n\n\n\n<p class=\"wp-block-paragraph\">Ces rencontres sont libres et gratuites.<\/p>\n\n\n\n<p class=\"wp-block-paragraph\">Il s\u2019agit de partager \u00e0 partir de votre v\u00e9cu sur le th\u00e8me choisi par le groupe, cette fois ce sera :<\/p>\n\n\n\n<h4 class=\"wp-block-heading\">\u00ab La vie apr\u00e8s l\u2019accompagnement \u00bb<\/h4>\n\n\n\n<p class=\"wp-block-paragraph\"><span style=\"background-color: #ff9900;\"><strong>Attention nombre de places limit\u00e9es. Si vous n\u2019\u00eates jamais venus ou si vous voulez venir \u00e0 plusieurs, merci de pr\u00e9venir par retour de mail.<\/strong><\/span><\/p>\n\n\n\n<p class=\"wp-block-paragraph\">Nous serons heureux de vous rencontrer autour de ce th\u00e8me de l\u2019accompagnement.<\/p>\n\n\n\n<p class=\"wp-block-paragraph\"><u>Inscription pr\u00e9alable obligatoire par mail \u00e0 contact@pourtantlavie.org<br><\/u><\/p>\n\n\n\n<p class=\"wp-block-paragraph\">Brigitte MASCLET<br \/>Pr\u00e9sidente<\/p>\n\n\n\n<figure class=\"wp-block-image\"><img loading=\"lazy\" decoding=\"async\" width=\"995\" height=\"1024\" src=\"https:\/\/www.pourtantlavie.org\/wp-content\/uploads\/2024\/06\/Groupe_rencontre_recto_verso-995x1024.jpg\" alt=\"Groupe rencontre\" class=\"wp-image-2085\" srcset=\"https:\/\/www.pourtantlavie.org\/wp-content\/uploads\/2024\/06\/Groupe_rencontre_recto_verso-995x1024.jpg 995w, https:\/\/www.pourtantlavie.org\/wp-content\/uploads\/2024\/06\/Groupe_rencontre_recto_verso-292x300.jpg 292w, https:\/\/www.pourtantlavie.org\/wp-content\/uploads\/2024\/06\/Groupe_rencontre_recto_verso-768x790.jpg 768w, https:\/\/www.pourtantlavie.org\/wp-content\/uploads\/2024\/06\/Groupe_rencontre_recto_verso-1493x1536.jpg 1493w, https:\/\/www.pourtantlavie.org\/wp-content\/uploads\/2024\/06\/Groupe_rencontre_recto_verso-1991x2048.jpg 1991w\" sizes=\"auto, (max-width: 995px) 100vw, 995px\" \/><\/figure>\n","protected":false},"excerpt":{"rendered":"<p>J\u2019ai le plaisir de vous inviter \u00e0 une nouvelle \u00ab Rencontre autour de l\u2019accompagnement et des soins palliatifs \u00bb dans le cadre de notre Atelier Partages. Voir flyer ci-dessous. Mardi [&hellip;]<\/p>\n","protected":false},"author":1,"featured_media":0,"comment_status":"open","ping_status":"open","sticky":false,"template":"","format":"standard","meta":{"footnotes":""},"categories":[247],"tags":[360,22,52,107,152,46,21,67,32,72,16,194,280,27,31,42,279],"class_list":["post-2660","post","type-post","status-publish","format-standard","hentry","category-groupe-rencontre","tag-20-janvier-2026","tag-accompagnement","tag-association","tag-atelier","tag-benevole","tag-entraide","tag-groupe","tag-informations","tag-palliatifs","tag-partage","tag-pourtant-la-vie","tag-rencontre","tag-riorges","tag-roanne","tag-soins","tag-theme","tag-vocation"],"_links":{"self":[{"href":"https:\/\/www.pourtantlavie.org\/index.php\/wp-json\/wp\/v2\/posts\/2660","targetHints":{"allow":["GET"]}}],"collection":[{"href":"https:\/\/www.pourtantlavie.org\/index.php\/wp-json\/wp\/v2\/posts"}],"about":[{"href":"https:\/\/www.pourtantlavie.org\/index.php\/wp-json\/wp\/v2\/types\/post"}],"author":[{"embeddable":true,"href":"https:\/\/www.pourtantlavie.org\/index.php\/wp-json\/wp\/v2\/users\/1"}],"replies":[{"embeddable":true,"href":"https:\/\/www.pourtantlavie.org\/index.php\/wp-json\/wp\/v2\/comments?post=2660"}],"version-history":[{"count":3,"href":"https:\/\/www.pourtantlavie.org\/index.php\/wp-json\/wp\/v2\/posts\/2660\/revisions"}],"predecessor-version":[{"id":2664,"href":"https:\/\/www.pourtantlavie.org\/index.php\/wp-json\/wp\/v2\/posts\/2660\/revisions\/2664"}],"wp:attachment":[{"href":"https:\/\/www.pourtantlavie.org\/index.php\/wp-json\/wp\/v2\/media?parent=2660"}],"wp:term":[{"taxonomy":"category","embeddable":true,"href":"https:\/\/www.pourtantlavie.org\/index.php\/wp-json\/wp\/v2\/categories?post=2660"},{"taxonomy":"post_tag","embeddable":true,"href":"https:\/\/www.pourtantlavie.org\/index.php\/wp-json\/wp\/v2\/tags?post=2660"}],"curies":[{"name":"wp","href":"https:\/\/api.w.org\/{rel}","templated":true}]}}