{"id":2342,"date":"2025-05-15T16:24:11","date_gmt":"2025-05-15T16:24:11","guid":{"rendered":"https:\/\/www.pourtantlavie.org\/?p=2342"},"modified":"2026-02-06T21:20:06","modified_gmt":"2026-02-06T21:20:06","slug":"16eme-cafe-mortel-a-roanne","status":"publish","type":"post","link":"https:\/\/www.pourtantlavie.org\/index.php\/16eme-cafe-mortel-a-roanne\/","title":{"rendered":"16\u00e8me caf\u00e9 mortel \u00e0 Roanne"},"content":{"rendered":"\n<p class=\"has-very-dark-gray-color has-text-color has-background has-medium-font-size\" style=\"background-color:#e0fb8b\"><strong>Les inscriptions sont closes pour le 16\u00e8me caf\u00e9 !<\/strong> Vous pouvez vous inscrire \u00e9galement au prochain caf\u00e9 mortel d\u00e8s \u00e0 pr\u00e9sent par mail ou demander des renseignements en laissant vos commentaires.<\/p>\n\n\n<table style=\"border: none; width: 100%; background: linear-gradient(0.25turn, #dbfb9c, #d6eefa);\">\n<tbody>\n<tr>\n<td style=\"text-align: center; width: 1.30952%;\" colspan=\"2\">\n<p><span style=\"font-family: Times New Roman, sans-serif; font-size: 20pt; color: #000000;\">Le Lundi 26 mai 2025 \u00e0 19h<\/span><\/p>\n<p><span style=\"font-family: MS Gothic, sans-serif; font-size: 36pt; color: #91b754;\"><strong>\u00ab Caf\u00e9 mortel \u00bb<\/strong><\/span><span style=\"font-family: MS Gothic, sans-serif; font-size: 36pt; color: #ff00ff;\"><br \/><\/span><\/p>\n<p><span style=\"font-family: Times New Roman, sans-serif; font-size: 20pt; color: #000000;\"><span id=\"page112R_mcid3\" class=\"markedContent\"><span dir=\"ltr\" role=\"presentation\">16\u00e8me caf\u00e9 mortel \u00e0 Roanne<br \/>au restaurant \u00abLe Coq en Pou(l)pe\u00bb<br \/>23, rue Victor Basch<\/span><\/span><\/span><\/p>\n<p style=\"text-align: center;\"><strong><span style=\"color: #d3730c;\"><span style=\"font-family: MS Gothic, sans-serif; font-size: 24pt;\"><img loading=\"lazy\" decoding=\"async\" class=\"alignnone wp-image-2343 size-full\" src=\"https:\/\/www.pourtantlavie.org\/wp-content\/uploads\/2025\/05\/cafe_mortel_16_roanne.jpg\" alt=\"16\u00e8me caf\u00e9 mortel \u00e0 Roanne\" width=\"474\" height=\"304\" srcset=\"https:\/\/www.pourtantlavie.org\/wp-content\/uploads\/2025\/05\/cafe_mortel_16_roanne.jpg 474w, https:\/\/www.pourtantlavie.org\/wp-content\/uploads\/2025\/05\/cafe_mortel_16_roanne-300x192.jpg 300w\" sizes=\"auto, (max-width: 474px) 100vw, 474px\" \/><\/span><\/span><\/strong><\/p>\n<p style=\"text-align: center;\"><strong><span style=\"color: #91b754;\"><span style=\"font-family: MS Gothic, sans-serif; font-size: 24pt;\">\u00ab Caf\u00e9 mortel \u00bb ?<\/span><\/span><\/strong><\/p>\n<p style=\"text-align: center;\"><span style=\"color: #000000;\">C\u2019est un concept imagin\u00e9 par le sociologue et anthropologue suisse<\/span><br \/><span style=\"font-family: comic sans ms, sans-serif; font-size: 14pt; color: #000000;\"> <strong>Bernard Crettaz.<\/strong><\/span><\/p>\n<p style=\"text-align: center;\"><span style=\"font-family: Times New Roman, sans-serif; font-size: 14pt; color: #000000;\">On se r\u00e9unit et on \u00e9change\u2026. sur la mort.<\/span><br \/><span style=\"font-family: Times New Roman, sans-serif; font-size: 14pt; color: #000000;\"> Parlent ceux qui en ont envie.<\/span><br \/><span style=\"font-family: Times New Roman, sans-serif; font-size: 14pt; color: #000000;\"> Se taisent ceux qui pr\u00e9f\u00e8rent.<\/span><br \/><span style=\"font-family: Times New Roman, sans-serif; font-size: 14pt; color: #000000;\"> Et tous s\u2019\u00e9coutent\u2026<\/span><\/p>\n<\/td>\n<\/tr>\n<\/tbody>\n<\/table>\n<table style=\"border: none; width: 100%; background: linear-gradient(0.25turn, #dbfb9c, #feffff);\">\n<tbody>\n<tr>\n<td style=\"text-align: center;\" colspan=\"2\"><span style=\"color: #91b754;\"><strong><span style=\"font-family: MS Gothic, sans-serif; font-size: 24pt;\">Un caf\u00e9 mortel ?<\/span><\/strong><\/span>\n<p><span style=\"font-family: Times New Roman, sans-serif; font-size: 13pt; color: #000000;\">C\u2019est un espace de partage avec tout le respect pour les exp\u00e9riences des <\/span><br \/><span style=\"font-family: Times New Roman, sans-serif; font-size: 13pt; color: #000000;\">autres&#8230;. Chacun peut s\u2019y<br \/>exprimer, \u00eatre \u00e9cout\u00e9 sans aucun jugement,<br \/>sans commentaire. Peuvent prendre la parole ceux<br \/>qui ont l\u2019envie, le besoin ou le d\u00e9sir de partager leurs<br \/>exp\u00e9riences, douloureuses ou extraordinaires<br \/>de la mort ou du deuil.<\/span><br \/><img decoding=\"async\" class=\"alignnone\" style=\"text-align: center; width: 32px;\" src=\"https:\/\/www.pourtantlavie.org\/wp-content\/uploads\/2019\/02\/tasse_icone.png\" alt=\"Une tasse de caf\u00e9 mortel ?\" \/><br \/><span style=\"font-family: Times New Roman, sans-serif; font-size: 13pt; color: #000000;\"> \u00ab Dans cette communaut\u00e9 provisoire, on peut tout ou ne rien dire ; on ne juge jamais ; on ne donne pas le moindre conseil. <\/span><br \/><span style=\"font-family: Times New Roman, sans-serif; font-size: 13pt; color: #000000;\">Ici, on n\u2019est oblig\u00e9 \u00e0 rien et c\u2019est pour cela qu\u2019on peut beaucoup se permettre y compris d\u2019immenses \u00e9clats de rire comme dans les repas d\u2019enterrements ou les f\u00eates mortuaires. \u00bb<br \/>\u00ab Caf\u00e9s mortels : Sortir la mort du silence \u00bb B.Crettaz<\/span><br \/><span style=\"color: #000000;\"><img decoding=\"async\" class=\"alignnone\" style=\"text-align: center; width: 32px;\" src=\"https:\/\/www.pourtantlavie.org\/wp-content\/uploads\/2019\/02\/tasse_icone.png\" alt=\"Une tasse de caf\u00e9 mortel ?\" \/><\/span><br \/><span style=\"font-family: Times New Roman, sans-serif; font-size: 13pt; color: #000000;\">19h Accueil. Puis 1h30 d\u2019\u00e9changes autour d\u2019un verre, avec deux animateurs qui jouent le r\u00f4le de \u00ab passeurs \u00bb.<\/span><br \/><span style=\"font-family: Times New Roman, sans-serif; font-size: 13pt; color: #000000;\"> Le groupe partage aussi une d\u00e9licieuse collation tr\u00e8s conviviale !<\/span><\/p>\n<p><span style=\"color: #000000;\"><strong><span style=\"font-family: Times\\ New\\ Roman, sans-serif; font-size: 13pt;\">15\u20ac tout compris avec boisson, plat sal\u00e9 et dessert<\/span><\/strong><\/span><\/p>\n<p><span style=\"color: #91b754; font-size: 24pt; text-align: center;\"><strong><span style=\"font-family: MS Gothic, sans-serif;\">Inscription pr\u00e9alable<br \/>obligatoire par mail<\/span><\/strong><\/span><\/p>\n<\/td>\n<\/tr>\n<\/tbody>\n<\/table>\n<p><!--more--><\/p>\n<table style=\"border: none; width: 100%; background: linear-gradient(0.25turn, #dbfb9c, #feffff);\">\n<tbody>\n<tr>\n<td style=\"text-align: left; width: 60px;\"><img decoding=\"async\" class=\"alignleft\" style=\"text-align: left; width: 48px;\" src=\"https:\/\/www.pourtantlavie.org\/wp-content\/uploads\/2019\/02\/email_icone.png\" alt=\"Enveloppe avec stylo pour envoi email\" \/><\/td>\n<td><a href=\"mailto:cafesmortels42@gmail.com\" target=\"_blank\" rel=\"noopener noreferrer\"><em>cafesmortels42@gmail.com<\/em><\/a><\/td>\n<\/tr>\n<tr>\n<td style=\"text-align: left; width: 60px;\"><img decoding=\"async\" class=\"alignleft\" style=\"text-align: left; width: 48px;\" src=\"https:\/\/www.pourtantlavie.org\/wp-content\/uploads\/2019\/02\/site_icone.png\" alt=\"icone accueil du site.\" \/><\/td>\n<td>Site : <em><a style=\"text-align: left;\" href=\"https:\/\/www.pourtantlavie.org\" target=\"_blank\" rel=\"noopener noreferrer\">www.pourtantlavie.org<\/a><\/em><\/td>\n<\/tr>\n<tr>\n<td style=\"text-align: left; width: 60px;\"><img decoding=\"async\" class=\"alignleft\" style=\"text-align: left; width: 48px;\" src=\"https:\/\/www.pourtantlavie.org\/wp-content\/uploads\/2019\/02\/facebook_icone.png\" alt=\"icone facebook pour page facebook.\" \/><\/td>\n<td>Page FB : <a href=\"https:\/\/www.facebook.com\/pourtantlavie\" target=\"_blank\" rel=\"noopener noreferrer\"><em>www.facebook.com\/pourtantlavie<\/em><\/a><\/td>\n<\/tr>\n<\/tbody>\n<\/table>\n<table style=\"width: 100%; height: 23px;\">\n<tbody>\n<tr style=\"height: 23px;\">\n<td style=\"text-align: left; height: 23px;\"><a href=\"https:\/\/www.pourtantlavie.org\/wp-content\/uploads\/2025\/05\/cafe_mortel_16_flyer_roanne.pdf\" target=\"_blank\" rel=\"noopener noreferrer\">Flyer caf\u00e9 mortel<\/a><\/td>\n<td style=\"text-align: right; height: 23px;\"><a href=\"https:\/\/www.pourtantlavie.org\/index.php\/evenement\/rdv-16eme-cafe-mortel\/\" rel=\"noopener noreferrer\">Voir l&rsquo;agenda<\/a><\/td>\n<\/tr>\n<\/tbody>\n<\/table>","protected":false},"excerpt":{"rendered":"<p>Les inscriptions sont closes pour le 16\u00e8me caf\u00e9 ! Vous pouvez vous inscrire \u00e9galement au prochain caf\u00e9 mortel d\u00e8s \u00e0 pr\u00e9sent par mail ou demander des renseignements en laissant vos [&hellip;]<\/p>\n","protected":false},"author":1,"featured_media":0,"comment_status":"open","ping_status":"open","sticky":false,"template":"","format":"standard","meta":{"footnotes":""},"categories":[3],"tags":[271,337,69,115,14,19,120,116,117,66,119,121,21,20,15,17,27],"class_list":["post-2342","post","type-post","status-publish","format-standard","hentry","category-cafe-mortel","tag-271","tag-26-mai","tag-animation","tag-bernard-crettaz","tag-cafe","tag-deuil","tag-douloureuse","tag-echange","tag-ecoute","tag-entretien","tag-experiences","tag-extraordinaire","tag-groupe","tag-mort","tag-mortel","tag-restaurant","tag-roanne"],"_links":{"self":[{"href":"https:\/\/www.pourtantlavie.org\/index.php\/wp-json\/wp\/v2\/posts\/2342","targetHints":{"allow":["GET"]}}],"collection":[{"href":"https:\/\/www.pourtantlavie.org\/index.php\/wp-json\/wp\/v2\/posts"}],"about":[{"href":"https:\/\/www.pourtantlavie.org\/index.php\/wp-json\/wp\/v2\/types\/post"}],"author":[{"embeddable":true,"href":"https:\/\/www.pourtantlavie.org\/index.php\/wp-json\/wp\/v2\/users\/1"}],"replies":[{"embeddable":true,"href":"https:\/\/www.pourtantlavie.org\/index.php\/wp-json\/wp\/v2\/comments?post=2342"}],"version-history":[{"count":9,"href":"https:\/\/www.pourtantlavie.org\/index.php\/wp-json\/wp\/v2\/posts\/2342\/revisions"}],"predecessor-version":[{"id":2614,"href":"https:\/\/www.pourtantlavie.org\/index.php\/wp-json\/wp\/v2\/posts\/2342\/revisions\/2614"}],"wp:attachment":[{"href":"https:\/\/www.pourtantlavie.org\/index.php\/wp-json\/wp\/v2\/media?parent=2342"}],"wp:term":[{"taxonomy":"category","embeddable":true,"href":"https:\/\/www.pourtantlavie.org\/index.php\/wp-json\/wp\/v2\/categories?post=2342"},{"taxonomy":"post_tag","embeddable":true,"href":"https:\/\/www.pourtantlavie.org\/index.php\/wp-json\/wp\/v2\/tags?post=2342"}],"curies":[{"name":"wp","href":"https:\/\/api.w.org\/{rel}","templated":true}]}}