{"id":1912,"date":"2024-09-19T12:19:00","date_gmt":"2024-09-19T12:19:00","guid":{"rendered":"https:\/\/www.pourtantlavie.org\/?p=1912"},"modified":"2024-10-17T10:20:21","modified_gmt":"2024-10-17T10:20:21","slug":"conference-spectacle-la-mort-vue-dune-neztoile-et-si-on-se-disait-tout","status":"publish","type":"post","link":"https:\/\/www.pourtantlavie.org\/index.php\/conference-spectacle-la-mort-vue-dune-neztoile-et-si-on-se-disait-tout\/","title":{"rendered":"Conf\u00e9rence-spectacle \u00ab\u00a0LA MORT VUE D&rsquo;UNE NEZTOILE : Et si on se disait tout ?\u00a0\u00bb"},"content":{"rendered":"\n<p>L&rsquo;association Pourtant la Vie est particuli\u00e8rement heureuse de proposer pour son 20\u00e8me anniversaire cette conf\u00e9rence-spectacle &nbsp;sur le deuil et sur la mort autrement, le 10 octobre 2024 \u00e0 20h00, avec la merveilleuse Sandra Meunier alias Anabelle.<\/p>\n<p>\u00c0 cette occasion Pourtant la Vie offrira le verre de bienvenue, \u00e0 tous les participants. <strong>Accueil \u00e0 partir de 19H00<\/strong>, le spectacle commence \u00e0 <strong>20h00 pr\u00e9cises<\/strong>.<\/p>\n<p>\u201cFace \u00e0 la perte d\u2019un \u00eatre cher, nous sommes an\u00e9antis et parfois d\u00e9vast\u00e9s. <i>Et si on changeait de regard sur la mort ? Et si on devenait plus grands \u00e0 son contact ?<\/i> Une conf\u00e9rence-spectacle exp\u00e9rientielle gu\u00e9risseuse. Un soin de l\u2019\u00e2me. Une exp\u00e9rience pour retrouver une joie int\u00e9rieure, profonde, sans objet. \u201d<\/p>\n<p>Site d&rsquo;Anabelle Neztoile (Sandra Meunier) :<\/p>\n<p><a href=\"https:\/\/sandrameunier.com\/\">https:\/\/sandrameunier.com\/<\/a><\/p>\n<p>Et pour en savoir plus sur les Neztoiles :<\/p>\n<p><a href=\"https:\/\/www.neztoiles.com\/\">https:\/\/www.neztoiles.com\/<\/a><\/p>\n\n\n\n<p><iframe loading=\"lazy\" src=\"\/\/www.youtube.com\/embed\/EAQivrzjcY0\" width=\"560\" height=\"314\" allowfullscreen=\"allowfullscreen\"><\/iframe><\/p>\n\n\n\n<p style=\"font-size:30px\">Tarif en pr\u00e9vente : 5\u20ac (Attention arr\u00eat pr\u00e9vente sur HelloAsso le 09 octobre 2024)<\/p>\n\n\n\n<p><a href=\"https:\/\/www.helloasso.com\/associations\/pourtant-la-vie\/evenements\/les-20-ans-de-pourtant-la-vie\/\">https:\/\/www.helloasso.com\/associations\/pourtant-la-vie\/evenements\/les-20-ans-de-pourtant-la-vie\/<\/a><\/p>\n\n\n\n<p style=\"font-size:30px\">Tarif sur place : 8\u20ac<\/p>\n\n\n\n<p><strong>Pensez \u00e0 apporter votre billet de pr\u00e9vente pour justifier votre place. Merci.<\/strong><\/p>\n\n\n\n<p class=\"has-black-color has-pale-pink-background-color has-text-color has-background has-link-color wp-elements-186bc03bbdd669fd46bf8e556bbc209a\">Affiche et Flyer du spectacle :<\/p>\n\n\n\n<p><p><a href=\"https:\/\/www.pourtantlavie.org\/wp-content\/uploads\/2024\/05\/affiche_Sandra_Meunier_spectacle_10102024.jpg\" target=\"_blank\" rel=\"noopener\">https:\/\/www.pourtantlavie.org\/wp-content\/uploads\/2024\/05\/affiche_Sandra_Meunier_spectacle_10102024.jpg<\/a><\/p><p><a href=\"https:\/\/www.pourtantlavie.org\/wp-content\/uploads\/2024\/06\/flyer_conference-spectacle.pdf\" target=\"_blank\" rel=\"noreferrer noopener\">https:\/\/www.pourtantlavie.org\/wp-content\/uploads\/2024\/06\/flyer_conference-spectacle.pdf<\/a><\/p><\/p>\n","protected":false},"excerpt":{"rendered":"<p>L&rsquo;association Pourtant la Vie est particuli\u00e8rement heureuse de proposer pour son 20\u00e8me anniversaire cette conf\u00e9rence-spectacle &nbsp;sur le deuil et sur la mort autrement, le 10 octobre 2024 \u00e0 20h00, avec [&hellip;]<\/p>\n","protected":false},"author":1,"featured_media":0,"comment_status":"open","ping_status":"open","sticky":false,"template":"","format":"standard","meta":{"footnotes":""},"categories":[201],"tags":[209,206,199,210,202,212,19,46,208,211,214,213,216,215,204,207,16,203,195],"class_list":["post-1912","post","type-post","status-publish","format-standard","hentry","category-conference-spectacle","tag-20eme","tag-ame","tag-anabelle","tag-anniversaire","tag-conference","tag-contact","tag-deuil","tag-entraide","tag-etre","tag-experientielle","tag-grand","tag-guerisseuse","tag-interieur","tag-joie","tag-neztoile","tag-perte","tag-pourtant-la-vie","tag-sandra","tag-spectacle"],"_links":{"self":[{"href":"https:\/\/www.pourtantlavie.org\/index.php\/wp-json\/wp\/v2\/posts\/1912","targetHints":{"allow":["GET"]}}],"collection":[{"href":"https:\/\/www.pourtantlavie.org\/index.php\/wp-json\/wp\/v2\/posts"}],"about":[{"href":"https:\/\/www.pourtantlavie.org\/index.php\/wp-json\/wp\/v2\/types\/post"}],"author":[{"embeddable":true,"href":"https:\/\/www.pourtantlavie.org\/index.php\/wp-json\/wp\/v2\/users\/1"}],"replies":[{"embeddable":true,"href":"https:\/\/www.pourtantlavie.org\/index.php\/wp-json\/wp\/v2\/comments?post=1912"}],"version-history":[{"count":21,"href":"https:\/\/www.pourtantlavie.org\/index.php\/wp-json\/wp\/v2\/posts\/1912\/revisions"}],"predecessor-version":[{"id":2162,"href":"https:\/\/www.pourtantlavie.org\/index.php\/wp-json\/wp\/v2\/posts\/1912\/revisions\/2162"}],"wp:attachment":[{"href":"https:\/\/www.pourtantlavie.org\/index.php\/wp-json\/wp\/v2\/media?parent=1912"}],"wp:term":[{"taxonomy":"category","embeddable":true,"href":"https:\/\/www.pourtantlavie.org\/index.php\/wp-json\/wp\/v2\/categories?post=1912"},{"taxonomy":"post_tag","embeddable":true,"href":"https:\/\/www.pourtantlavie.org\/index.php\/wp-json\/wp\/v2\/tags?post=1912"}],"curies":[{"name":"wp","href":"https:\/\/api.w.org\/{rel}","templated":true}]}}