{"id":1772,"date":"2023-07-24T09:58:19","date_gmt":"2023-07-24T09:58:19","guid":{"rendered":"https:\/\/www.pourtantlavie.org\/?p=1772"},"modified":"2023-07-24T10:35:06","modified_gmt":"2023-07-24T10:35:06","slug":"10eme-cafe-mortel-a-roanne-2","status":"publish","type":"post","link":"https:\/\/www.pourtantlavie.org\/index.php\/10eme-cafe-mortel-a-roanne-2\/","title":{"rendered":"11\u00e8me caf\u00e9 mortel \u00e0 Roanne"},"content":{"rendered":"\n<p class=\"has-very-dark-gray-color has-luminous-vivid-orange-background-color has-text-color has-background has-medium-font-size\"><strong>Les inscriptions sont encore ouvertes pour le 11\u00e8me caf\u00e9 !<\/strong> Vous pouvez vous inscrire \u00e9galement au prochain caf\u00e9 mortel (le 12\u00e8me) d\u00e8s \u00e0 pr\u00e9sent par mail ou demander des renseignements en laissant vos commentaires.<\/p>\n\n\n<table style=\"border: none; width: 100%; background: linear-gradient(0.25turn, #2b2e35, #a1a2a5);\">\n<tbody>\n<tr>\n<td style=\"text-align: center;\" colspan=\"2\">\n<p><span style=\"font-family: Times New Roman, sans-serif; font-size: 20pt; color: #ffffff;\">Le mardi 19 septembre 2023 \u00e0 19h<\/span><\/p>\n<p><span style=\"font-family: MS Gothic, sans-serif; font-size: 36pt; color: #ff00ff;\"><span style=\"color: #ff7f50;\">\u00ab Caf\u00e9 mortel \u00bb<\/span><br \/><\/span><\/p>\n<p><span style=\"font-family: Times New Roman, sans-serif; font-size: 20pt; color: #ffffff;\"><span id=\"page112R_mcid3\" class=\"markedContent\"><span dir=\"ltr\" role=\"presentation\">Le 11\u00e8me caf\u00e9 mortel \u00e0 ROANNE<\/span><\/span><span id=\"page112R_mcid4\" class=\"markedContent\"><\/span><\/span><\/p>\n<p><img loading=\"lazy\" decoding=\"async\" class=\"alignnone wp-image-1773 \" src=\"https:\/\/www.pourtantlavie.org\/wp-content\/uploads\/2023\/07\/cafe_mortel_11_roanne-300x201.jpg\" alt=\"\" width=\"404\" height=\"271\" srcset=\"https:\/\/www.pourtantlavie.org\/wp-content\/uploads\/2023\/07\/cafe_mortel_11_roanne-300x201.jpg 300w, https:\/\/www.pourtantlavie.org\/wp-content\/uploads\/2023\/07\/cafe_mortel_11_roanne.jpg 450w\" sizes=\"auto, (max-width: 404px) 100vw, 404px\" \/><\/p>\n<p style=\"text-align: center;\"><span style=\"color: #ff7f50;\"><strong><span style=\"font-family: MS Gothic, sans-serif; font-size: 24pt;\">\u00ab Caf\u00e9 mortel \u00bb ?<\/span><\/strong><\/span><\/p>\n<p style=\"text-align: center;\"><span style=\"color: #000000;\">C\u2019est un concept imagin\u00e9 par le sociologue et anthropologue suisse<\/span><br \/><span style=\"font-family: comic sans ms, sans-serif; font-size: 14pt; color: #000000;\"> <strong>Bernard Crettaz.<\/strong><\/span><\/p>\n<p style=\"text-align: center;\"><span style=\"font-family: Times New Roman, sans-serif; font-size: 14pt; color: #000000;\">On se r\u00e9unit et on \u00e9change\u2026. sur la mort.<\/span><br \/><span style=\"font-family: Times New Roman, sans-serif; font-size: 14pt; color: #000000;\"> Parlent ceux qui en ont envie.<\/span><br \/><span style=\"font-family: Times New Roman, sans-serif; font-size: 14pt; color: #000000;\"> Se taisent ceux qui pr\u00e9f\u00e8rent.<\/span><br \/><span style=\"font-family: Times New Roman, sans-serif; font-size: 14pt; color: #000000;\"> Et tous s\u2019\u00e9coutent\u2026<\/span><\/p>\n<\/td>\n<\/tr>\n<\/tbody>\n<\/table>\n<table style=\"border: none; width: 100%; background: linear-gradient(0.25turn, #a1a2a5, #fefefe);\">\n<tbody>\n<tr>\n<td style=\"text-align: center;\" colspan=\"2\"><span style=\"color: #ff7f50;\"><strong><span style=\"font-family: MS Gothic, sans-serif; font-size: 24pt;\">Un caf\u00e9 mortel ?<\/span><\/strong><\/span>\n<p>\u00a0<\/p>\n<p><strong><span style=\"font-family: Times New Roman, sans-serif; font-size: 13pt; color: #000000;\">Ici, on n\u2019est oblig\u00e9 \u00e0 rien et c\u2019est pour cela qu\u2019on peut beaucoup se permettre y compris d\u2019immenses \u00e9clats de rire comme dans les repas d\u2019enterrements ou les f\u00eates mortuaires. \u00bb<br \/>\u00ab Caf\u00e9s mortels : Sortir la mort du silence \u00bb B.Crettaz<\/span><\/strong><br \/><img decoding=\"async\" class=\"alignnone\" style=\"text-align: center; width: 32px;\" src=\"https:\/\/www.pourtantlavie.org\/wp-content\/uploads\/2019\/02\/tasse_icone.png\" alt=\"Une tasse de caf\u00e9 mortel ?\" \/><\/p>\n<p><span style=\"font-family: Times New Roman, sans-serif; font-size: 13pt; color: #000000;\">19h Accueil. Puis 1h30 d\u2019\u00e9changes autour d\u2019un verre, avec deux animateurs qui jouent le r\u00f4le de \u00ab passeurs \u00bb.<\/span><br \/><span style=\"font-family: Times New Roman, sans-serif; font-size: 13pt; color: #000000;\"> Le groupe partage aussi une d\u00e9licieuse collation tr\u00e8s conviviale !<\/span><\/p>\n<p><span style=\"color: #000000;\"><strong><span style=\"font-family: Times\\ New\\ Roman, sans-serif; font-size: 13pt;\">12\u20ac tout compris avec boisson, plat sal\u00e9 et dessert<\/span><\/strong><\/span><\/p>\n<p><img decoding=\"async\" class=\"alignnone\" style=\"text-align: center; width: 32px;\" src=\"https:\/\/www.pourtantlavie.org\/wp-content\/uploads\/2019\/02\/tasse_icone.png\" alt=\"Une tasse de caf\u00e9 mortel ?\" \/><\/p>\n<p><span style=\"color: #b75079; font-size: 24pt; text-align: center;\"><strong><span style=\"font-family: MS Gothic, sans-serif;\"><span style=\"color: #ff7f50;\">Inscription pr\u00e9alable<\/span><br \/><span style=\"color: #ff7f50;\">obligatoire par mail<\/span><\/span><\/strong><\/span><\/p>\n<\/td>\n<\/tr>\n<\/tbody>\n<\/table>\n<p><!--more--><\/p>\n<table style=\"border: none; width: 100%; background-color: #fffff5;\">\n<tbody>\n<tr>\n<td style=\"text-align: left; width: 60px; background: linear-gradient(0.25turn, #a1a2a5, #fefefe);\"><img decoding=\"async\" class=\"alignleft\" style=\"text-align: left; width: 48px;\" src=\"https:\/\/www.pourtantlavie.org\/wp-content\/uploads\/2019\/02\/email_icone.png\" alt=\"Enveloppe avec stylo pour envoi email\" \/><\/td>\n<td style=\"background: linear-gradient(0.25turn, #a1a2a5, #fefefe);\"><a href=\"mailto:cafesmortels42@gmail.com\" target=\"_blank\" rel=\"noopener noreferrer\">cafesmortels42@gmail.com<\/a><\/td>\n<\/tr>\n<tr>\n<td style=\"text-align: left; width: 60px; background: linear-gradient(0.25turn, #2b2e35, #a1a2a5);\"><img decoding=\"async\" class=\"alignleft\" style=\"text-align: left; width: 48px;\" src=\"https:\/\/www.pourtantlavie.org\/wp-content\/uploads\/2019\/02\/site_icone.png\" alt=\"icone accueil du site.\" \/><\/td>\n<td style=\"background: linear-gradient(0.25turn, #2b2e35, #a1a2a5);\"><span style=\"color: #ffffff;\">Site : <a style=\"text-align: left; color: #ffffff;\" href=\"https:\/\/www.pourtantlavie.org\" target=\"_blank\" rel=\"noopener noreferrer\">www.pourtantlavie.org<\/a><\/span><\/td>\n<\/tr>\n<tr>\n<td style=\"text-align: left; width: 60px; background: linear-gradient(0.25turn, #2b2e35, #a1a2a5);\"><img decoding=\"async\" class=\"alignleft\" style=\"text-align: left; width: 48px;\" src=\"https:\/\/www.pourtantlavie.org\/wp-content\/uploads\/2019\/02\/facebook_icone.png\" alt=\"icone facebook pour page facebook.\" \/><\/td>\n<td style=\"background: linear-gradient(0.25turn, #2b2e35, #a1a2a5);\"><span style=\"color: #ffffff;\">Page FB : <a style=\"color: #ffffff;\" href=\"https:\/\/www.facebook.com\/pourtantlavie\" target=\"_blank\" rel=\"noopener noreferrer\">www.facebook.com\/pourtantlavie<\/a><\/span><\/td>\n<\/tr>\n<\/tbody>\n<\/table>\n<table style=\"width: 100%; height: 23px;\">\n<tbody>\n<tr style=\"height: 23px;\">\n<td style=\"text-align: left; height: 23px;\"><a href=\"https:\/\/www.pourtantlavie.org\/wp-content\/uploads\/2023\/07\/cafe_mortel_11_flyer_roanne.pdf\" target=\"_blank\" rel=\"noopener noreferrer\" data-wplink-edit=\"true\">Flyer caf\u00e9 mortel<\/a><\/td>\n<td style=\"text-align: right; height: 23px;\"><a href=\"https:\/\/www.pourtantlavie.org\/index.php\/evenement\/rdv-11eme-cafe-mortel\/\" rel=\"noopener noreferrer\">Voir l&rsquo;agenda<\/a><\/td>\n<\/tr>\n<\/tbody>\n<\/table>","protected":false},"excerpt":{"rendered":"<p>Les inscriptions sont encore ouvertes pour le 11\u00e8me caf\u00e9 ! Vous pouvez vous inscrire \u00e9galement au prochain caf\u00e9 mortel (le 12\u00e8me) d\u00e8s \u00e0 pr\u00e9sent par mail ou demander des renseignements [&hellip;]<\/p>\n","protected":false},"author":1,"featured_media":0,"comment_status":"open","ping_status":"open","sticky":false,"template":"","format":"standard","meta":{"footnotes":""},"categories":[3],"tags":[69,115,14,19,120,116,117,66,119,121,21,20,15,118],"class_list":["post-1772","post","type-post","status-publish","format-standard","hentry","category-cafe-mortel","tag-animation","tag-bernard-crettaz","tag-cafe","tag-deuil","tag-douloureuse","tag-echange","tag-ecoute","tag-entretien","tag-experiences","tag-extraordinaire","tag-groupe","tag-mort","tag-mortel","tag-parole"],"_links":{"self":[{"href":"https:\/\/www.pourtantlavie.org\/index.php\/wp-json\/wp\/v2\/posts\/1772","targetHints":{"allow":["GET"]}}],"collection":[{"href":"https:\/\/www.pourtantlavie.org\/index.php\/wp-json\/wp\/v2\/posts"}],"about":[{"href":"https:\/\/www.pourtantlavie.org\/index.php\/wp-json\/wp\/v2\/types\/post"}],"author":[{"embeddable":true,"href":"https:\/\/www.pourtantlavie.org\/index.php\/wp-json\/wp\/v2\/users\/1"}],"replies":[{"embeddable":true,"href":"https:\/\/www.pourtantlavie.org\/index.php\/wp-json\/wp\/v2\/comments?post=1772"}],"version-history":[{"count":5,"href":"https:\/\/www.pourtantlavie.org\/index.php\/wp-json\/wp\/v2\/posts\/1772\/revisions"}],"predecessor-version":[{"id":2198,"href":"https:\/\/www.pourtantlavie.org\/index.php\/wp-json\/wp\/v2\/posts\/1772\/revisions\/2198"}],"wp:attachment":[{"href":"https:\/\/www.pourtantlavie.org\/index.php\/wp-json\/wp\/v2\/media?parent=1772"}],"wp:term":[{"taxonomy":"category","embeddable":true,"href":"https:\/\/www.pourtantlavie.org\/index.php\/wp-json\/wp\/v2\/categories?post=1772"},{"taxonomy":"post_tag","embeddable":true,"href":"https:\/\/www.pourtantlavie.org\/index.php\/wp-json\/wp\/v2\/tags?post=1772"}],"curies":[{"name":"wp","href":"https:\/\/api.w.org\/{rel}","templated":true}]}}